{"id":55276,"date":"2023-01-14T07:50:00","date_gmt":"2023-01-14T05:50:00","guid":{"rendered":"https:\/\/new.bwiza.com\/?p=55276"},"modified":"2023-01-14T07:50:00","modified_gmt":"2023-01-14T05:50:00","slug":"general-uheruka-gutoroka-fardc-yagizwe-umugaba-mukuru-wungirije-wa-m23","status":"publish","type":"post","link":"https:\/\/bwiza.com\/?p=55276","title":{"rendered":"G\u00e9n\u00e9ral uheruka gutoroka FARDC yagizwe Umugaba Mukuru wungirije wa M23"},"content":{"rendered":"<p><strong>Perezida wa M23, Bertrand Bisimwa, yagize G\u00e9n\u00e9ral de Brigade Byamungu Maheshe B\u00e9rnard uheruka gutoroka Igisirikare cya Congo Kinshasa (FARDC) Umugaba Mukuru wungirije w&#8217;Ingabo za M23.<\/strong><\/p>\n<p>M23 yemeje aya makuru mu itangazo Bisimwa yashyizeho umukono ku wa Gatanu tariki ya 13 Mutarama.<\/p>\n<p>G\u00e9n de Bde Byamungu yahawe ziriya nshingano nyuma yo kuzamurwa mu ntera avanwe ku ipeti rya Colonel. Yazamuranwe mu ntera na Col Mboneza Yusufu ufatwa nk&#8217;uwa kabiri ukomeye mu gisirikare cya M23, nyuma y&#8217;Umugaba Mukuru w&#8217;Ingabo z&#8217;uwo mutwe, G\u00e9n. Sultani Makenga.<\/p>\n<p>Byamungu muri 2012 yigeze gufungirwa muri gereza y\u2019igisirikare cya Congo azira kuba umwe mu bari bagize M23, afungurwa mu 2019 amaze guhabwa imbabazi na Perezida F\u00e9lix Tshisekedi Tshilombo wari ukimara kujya ku butegetsi.<\/p>\n<p>Icyo gihe n&#8217;ubwo yafunguwe, yategetswe kutajya arenga imbibi z\u2019umurwa mukuru w\u2019igihugu, Kinshasa, akomeza gufungishwa ijisho n\u2019igisirikare cyagombaga kumenya umunsi ku wundi niba akiri aha hantu.<\/p>\n<p>Tariki ya 17 Nzeri 2022 G\u00e9n de Bde Byamungu yaratorotse, ajya mu burasirazuba bw\u2019igihugu aho byatangajwe na bimwe mu binyamakuru bikorera i Kinshasa ko yasubiye muri M23 imaze hafi umwaka isubukuye imirwano n\u2019ingabo za Leta.<\/p>\n<p>Uyu musirikare bivugwa ko ari inshuti magara ya G\u00e9n\u00e9ral Sultani Makenga, ndetse ngo hari harahozeho impungenge z\u2019uko yashoboraga gutoroka Kinshasa, agasubira kwiyunga na we.<\/p>\n","protected":false},"excerpt":{"rendered":"<p>Perezida wa M23, Bertrand Bisimwa, yagize G\u00e9n\u00e9ral de Brigade Byamungu Maheshe B\u00e9rnard uheruka gutoroka Igisirikare cya Congo Kinshasa (FARDC) Umugaba Mukuru wungirije w&#8217;Ingabo za M23. M23 yemeje aya makuru mu itangazo Bisimwa yashyizeho umukono ku wa Gatanu tariki ya 13 Mutarama. G\u00e9n de Bde Byamungu yahawe ziriya nshingano nyuma yo kuzamurwa mu ntera avanwe ku [&hellip;]<\/p>\n","protected":false},"author":17,"featured_media":0,"comment_status":"open","ping_status":"open","sticky":false,"template":"","format":"standard","meta":{"footnotes":""},"categories":[2],"tags":[],"class_list":["post-55276","post","type-post","status-publish","format-standard","hentry","category-amakuru-rw"],"yoast_head":"<!-- This site is optimized with the Yoast SEO plugin v28.3 - https:\/\/yoast.com\/product\/yoast-seo-wordpress\/ -->\n<title>G\u00e9n\u00e9ral uheruka gutoroka FARDC yagizwe Umugaba Mukuru wungirije wa M23 - BWIZA<\/title>\n<meta name=\"robots\" content=\"index, follow, max-snippet:-1, max-image-preview:large, max-video-preview:-1\" \/>\n<link rel=\"canonical\" href=\"https:\/\/bwiza.com\/?p=55276\" \/>\n<meta property=\"og:locale\" content=\"en_US\" \/>\n<meta property=\"og:type\" content=\"article\" \/>\n<meta property=\"og:title\" content=\"G\u00e9n\u00e9ral uheruka gutoroka FARDC yagizwe Umugaba Mukuru wungirije wa M23 - BWIZA\" \/>\n<meta property=\"og:description\" content=\"Perezida wa M23, Bertrand Bisimwa, yagize G\u00e9n\u00e9ral de Brigade Byamungu Maheshe B\u00e9rnard uheruka gutoroka Igisirikare cya Congo Kinshasa (FARDC) Umugaba Mukuru wungirije w&#8217;Ingabo za M23. M23 yemeje aya makuru mu itangazo Bisimwa yashyizeho umukono ku wa Gatanu tariki ya 13 Mutarama. G\u00e9n de Bde Byamungu yahawe ziriya nshingano nyuma yo kuzamurwa mu ntera avanwe ku [&hellip;]\" \/>\n<meta property=\"og:url\" content=\"https:\/\/bwiza.com\/?p=55276\" \/>\n<meta property=\"og:site_name\" content=\"BWIZA\" \/>\n<meta property=\"article:author\" content=\"BenjaminBabou\" \/>\n<meta property=\"article:published_time\" content=\"2023-01-14T05:50:00+00:00\" \/>\n<meta name=\"author\" content=\"B\u00e9njamin BABOU\" \/>\n<meta name=\"twitter:card\" content=\"summary_large_image\" \/>\n<meta name=\"twitter:creator\" content=\"@BenjaminBabou3\" \/>\n<meta name=\"twitter:label1\" content=\"Written by\" \/>\n\t<meta name=\"twitter:data1\" content=\"B\u00e9njamin BABOU\" \/>\n\t<meta name=\"twitter:label2\" content=\"Est. reading time\" \/>\n\t<meta name=\"twitter:data2\" content=\"1 minute\" \/>\n<script type=\"application\/ld+json\" class=\"yoast-schema-graph\">{\"@context\":\"https:\\\/\\\/schema.org\",\"@graph\":[{\"@type\":\"Article\",\"@id\":\"https:\\\/\\\/bwiza.com\\\/?p=55276#article\",\"isPartOf\":{\"@id\":\"https:\\\/\\\/bwiza.com\\\/?p=55276\"},\"author\":{\"name\":\"B\u00e9njamin BABOU\",\"@id\":\"https:\\\/\\\/bwiza.com\\\/#\\\/schema\\\/person\\\/25318b3505091fc2412e1fdf77b375b9\"},\"headline\":\"G\u00e9n\u00e9ral uheruka gutoroka FARDC yagizwe Umugaba Mukuru wungirije wa M23\",\"datePublished\":\"2023-01-14T05:50:00+00:00\",\"mainEntityOfPage\":{\"@id\":\"https:\\\/\\\/bwiza.com\\\/?p=55276\"},\"wordCount\":228,\"commentCount\":0,\"publisher\":{\"@id\":\"https:\\\/\\\/bwiza.com\\\/#organization\"},\"articleSection\":[\"Amakuru\"],\"inLanguage\":\"en-US\",\"potentialAction\":[{\"@type\":\"CommentAction\",\"name\":\"Comment\",\"target\":[\"https:\\\/\\\/bwiza.com\\\/?p=55276#respond\"]}]},{\"@type\":\"WebPage\",\"@id\":\"https:\\\/\\\/bwiza.com\\\/?p=55276\",\"url\":\"https:\\\/\\\/bwiza.com\\\/?p=55276\",\"name\":\"G\u00e9n\u00e9ral uheruka gutoroka FARDC yagizwe Umugaba Mukuru wungirije wa M23 - BWIZA\",\"isPartOf\":{\"@id\":\"https:\\\/\\\/bwiza.com\\\/#website\"},\"datePublished\":\"2023-01-14T05:50:00+00:00\",\"breadcrumb\":{\"@id\":\"https:\\\/\\\/bwiza.com\\\/?p=55276#breadcrumb\"},\"inLanguage\":\"en-US\",\"potentialAction\":[{\"@type\":\"ReadAction\",\"target\":[\"https:\\\/\\\/bwiza.com\\\/?p=55276\"]}]},{\"@type\":\"BreadcrumbList\",\"@id\":\"https:\\\/\\\/bwiza.com\\\/?p=55276#breadcrumb\",\"itemListElement\":[{\"@type\":\"ListItem\",\"position\":1,\"name\":\"Home\",\"item\":\"https:\\\/\\\/bwiza.com\\\/\"},{\"@type\":\"ListItem\",\"position\":2,\"name\":\"G\u00e9n\u00e9ral uheruka gutoroka FARDC yagizwe Umugaba Mukuru wungirije wa M23\"}]},{\"@type\":\"WebSite\",\"@id\":\"https:\\\/\\\/bwiza.com\\\/#website\",\"url\":\"https:\\\/\\\/bwiza.com\\\/\",\"name\":\"BWIZA\",\"description\":\"Isoko y&#039;amakuru acukumbuye\",\"publisher\":{\"@id\":\"https:\\\/\\\/bwiza.com\\\/#organization\"},\"potentialAction\":[{\"@type\":\"SearchAction\",\"target\":{\"@type\":\"EntryPoint\",\"urlTemplate\":\"https:\\\/\\\/bwiza.com\\\/?s={search_term_string}\"},\"query-input\":{\"@type\":\"PropertyValueSpecification\",\"valueRequired\":true,\"valueName\":\"search_term_string\"}}],\"inLanguage\":\"en-US\"},{\"@type\":\"Organization\",\"@id\":\"https:\\\/\\\/bwiza.com\\\/#organization\",\"name\":\"BWIZA\",\"url\":\"https:\\\/\\\/bwiza.com\\\/\",\"logo\":{\"@type\":\"ImageObject\",\"inLanguage\":\"en-US\",\"@id\":\"https:\\\/\\\/bwiza.com\\\/#\\\/schema\\\/logo\\\/image\\\/\",\"url\":\"https:\\\/\\\/bwiza.com\\\/wp-content\\\/uploads\\\/2026\\\/03\\\/bwiza-ikirango.png\",\"contentUrl\":\"https:\\\/\\\/bwiza.com\\\/wp-content\\\/uploads\\\/2026\\\/03\\\/bwiza-ikirango.png\",\"width\":150,\"height\":42,\"caption\":\"BWIZA\"},\"image\":{\"@id\":\"https:\\\/\\\/bwiza.com\\\/#\\\/schema\\\/logo\\\/image\\\/\"}},{\"@type\":\"Person\",\"@id\":\"https:\\\/\\\/bwiza.com\\\/#\\\/schema\\\/person\\\/25318b3505091fc2412e1fdf77b375b9\",\"name\":\"B\u00e9njamin BABOU\",\"description\":\"Benjamin Babou is a professional journalist with a Bachelor's degree in Journalism and Communication from the University of Rwanda. He specializes in reporting on current affairs, politics, security, and regional issues and Sports, with a strong commitment to accuracy, balanced storytelling, and public-interest journalism.\",\"sameAs\":[\"https:\\\/\\\/bwiza.com\\\/\",\"BenjaminBabou\",\"https:\\\/\\\/x.com\\\/@BenjaminBabou3\"],\"url\":\"https:\\\/\\\/bwiza.com\\\/?author=17\"}]}<\/script>\n<!-- \/ Yoast SEO plugin. -->","yoast_head_json":{"title":"G\u00e9n\u00e9ral uheruka gutoroka FARDC yagizwe Umugaba Mukuru wungirije wa M23 - BWIZA","robots":{"index":"index","follow":"follow","max-snippet":"max-snippet:-1","max-image-preview":"max-image-preview:large","max-video-preview":"max-video-preview:-1"},"canonical":"https:\/\/bwiza.com\/?p=55276","og_locale":"en_US","og_type":"article","og_title":"G\u00e9n\u00e9ral uheruka gutoroka FARDC yagizwe Umugaba Mukuru wungirije wa M23 - BWIZA","og_description":"Perezida wa M23, Bertrand Bisimwa, yagize G\u00e9n\u00e9ral de Brigade Byamungu Maheshe B\u00e9rnard uheruka gutoroka Igisirikare cya Congo Kinshasa (FARDC) Umugaba Mukuru wungirije w&#8217;Ingabo za M23. M23 yemeje aya makuru mu itangazo Bisimwa yashyizeho umukono ku wa Gatanu tariki ya 13 Mutarama. G\u00e9n de Bde Byamungu yahawe ziriya nshingano nyuma yo kuzamurwa mu ntera avanwe ku [&hellip;]","og_url":"https:\/\/bwiza.com\/?p=55276","og_site_name":"BWIZA","article_author":"BenjaminBabou","article_published_time":"2023-01-14T05:50:00+00:00","author":"B\u00e9njamin BABOU","twitter_card":"summary_large_image","twitter_creator":"@BenjaminBabou3","twitter_misc":{"Written by":"B\u00e9njamin BABOU","Est. reading time":"1 minute"},"schema":{"@context":"https:\/\/schema.org","@graph":[{"@type":"Article","@id":"https:\/\/bwiza.com\/?p=55276#article","isPartOf":{"@id":"https:\/\/bwiza.com\/?p=55276"},"author":{"name":"B\u00e9njamin BABOU","@id":"https:\/\/bwiza.com\/#\/schema\/person\/25318b3505091fc2412e1fdf77b375b9"},"headline":"G\u00e9n\u00e9ral uheruka gutoroka FARDC yagizwe Umugaba Mukuru wungirije wa M23","datePublished":"2023-01-14T05:50:00+00:00","mainEntityOfPage":{"@id":"https:\/\/bwiza.com\/?p=55276"},"wordCount":228,"commentCount":0,"publisher":{"@id":"https:\/\/bwiza.com\/#organization"},"articleSection":["Amakuru"],"inLanguage":"en-US","potentialAction":[{"@type":"CommentAction","name":"Comment","target":["https:\/\/bwiza.com\/?p=55276#respond"]}]},{"@type":"WebPage","@id":"https:\/\/bwiza.com\/?p=55276","url":"https:\/\/bwiza.com\/?p=55276","name":"G\u00e9n\u00e9ral uheruka gutoroka FARDC yagizwe Umugaba Mukuru wungirije wa M23 - BWIZA","isPartOf":{"@id":"https:\/\/bwiza.com\/#website"},"datePublished":"2023-01-14T05:50:00+00:00","breadcrumb":{"@id":"https:\/\/bwiza.com\/?p=55276#breadcrumb"},"inLanguage":"en-US","potentialAction":[{"@type":"ReadAction","target":["https:\/\/bwiza.com\/?p=55276"]}]},{"@type":"BreadcrumbList","@id":"https:\/\/bwiza.com\/?p=55276#breadcrumb","itemListElement":[{"@type":"ListItem","position":1,"name":"Home","item":"https:\/\/bwiza.com\/"},{"@type":"ListItem","position":2,"name":"G\u00e9n\u00e9ral uheruka gutoroka FARDC yagizwe Umugaba Mukuru wungirije wa M23"}]},{"@type":"WebSite","@id":"https:\/\/bwiza.com\/#website","url":"https:\/\/bwiza.com\/","name":"BWIZA","description":"Isoko y&#039;amakuru acukumbuye","publisher":{"@id":"https:\/\/bwiza.com\/#organization"},"potentialAction":[{"@type":"SearchAction","target":{"@type":"EntryPoint","urlTemplate":"https:\/\/bwiza.com\/?s={search_term_string}"},"query-input":{"@type":"PropertyValueSpecification","valueRequired":true,"valueName":"search_term_string"}}],"inLanguage":"en-US"},{"@type":"Organization","@id":"https:\/\/bwiza.com\/#organization","name":"BWIZA","url":"https:\/\/bwiza.com\/","logo":{"@type":"ImageObject","inLanguage":"en-US","@id":"https:\/\/bwiza.com\/#\/schema\/logo\/image\/","url":"https:\/\/bwiza.com\/wp-content\/uploads\/2026\/03\/bwiza-ikirango.png","contentUrl":"https:\/\/bwiza.com\/wp-content\/uploads\/2026\/03\/bwiza-ikirango.png","width":150,"height":42,"caption":"BWIZA"},"image":{"@id":"https:\/\/bwiza.com\/#\/schema\/logo\/image\/"}},{"@type":"Person","@id":"https:\/\/bwiza.com\/#\/schema\/person\/25318b3505091fc2412e1fdf77b375b9","name":"B\u00e9njamin BABOU","description":"Benjamin Babou is a professional journalist with a Bachelor's degree in Journalism and Communication from the University of Rwanda. He specializes in reporting on current affairs, politics, security, and regional issues and Sports, with a strong commitment to accuracy, balanced storytelling, and public-interest journalism.","sameAs":["https:\/\/bwiza.com\/","BenjaminBabou","https:\/\/x.com\/@BenjaminBabou3"],"url":"https:\/\/bwiza.com\/?author=17"}]}},"_links":{"self":[{"href":"https:\/\/bwiza.com\/index.php?rest_route=\/wp\/v2\/posts\/55276","targetHints":{"allow":["GET"]}}],"collection":[{"href":"https:\/\/bwiza.com\/index.php?rest_route=\/wp\/v2\/posts"}],"about":[{"href":"https:\/\/bwiza.com\/index.php?rest_route=\/wp\/v2\/types\/post"}],"author":[{"embeddable":true,"href":"https:\/\/bwiza.com\/index.php?rest_route=\/wp\/v2\/users\/17"}],"replies":[{"embeddable":true,"href":"https:\/\/bwiza.com\/index.php?rest_route=%2Fwp%2Fv2%2Fcomments&post=55276"}],"version-history":[{"count":0,"href":"https:\/\/bwiza.com\/index.php?rest_route=\/wp\/v2\/posts\/55276\/revisions"}],"wp:attachment":[{"href":"https:\/\/bwiza.com\/index.php?rest_route=%2Fwp%2Fv2%2Fmedia&parent=55276"}],"wp:term":[{"taxonomy":"category","embeddable":true,"href":"https:\/\/bwiza.com\/index.php?rest_route=%2Fwp%2Fv2%2Fcategories&post=55276"},{"taxonomy":"post_tag","embeddable":true,"href":"https:\/\/bwiza.com\/index.php?rest_route=%2Fwp%2Fv2%2Ftags&post=55276"}],"curies":[{"name":"wp","href":"https:\/\/api.w.org\/{rel}","templated":true}]}}